{"id":34367,"date":"2022-01-18T15:20:01","date_gmt":"2022-01-18T19:20:01","guid":{"rendered":"https:\/\/insagrado.sagrado.edu\/?p=34367"},"modified":"2022-01-19T12:15:43","modified_gmt":"2022-01-19T16:15:43","slug":"sagrado-recibe-un-fondo-de-beca-estudiantil-de-nbcu-academy","status":"publish","type":"post","link":"https:\/\/insagrado.sagrado.edu\/en\/sagrado-recibe-un-fondo-de-beca-estudiantil-de-nbcu-academy\/","title":{"rendered":"Sagrado recibe un fondo de beca estudiantil de NBCU Academy"},"content":{"rendered":"\n<p>A trav\u00e9s de su programa NBCU Academy,&nbsp;<strong><a rel=\"noreferrer noopener\" href=\"https:\/\/www.nbcuniversal.com\/\" target=\"_blank\">NBCU News Group<\/a><\/strong>&nbsp;otorg\u00f3 a la&nbsp;<strong><a rel=\"noreferrer noopener\" href=\"https:\/\/www.sagrado.edu\/comunicacion\/\" target=\"_blank\">Escuela de Comunicaci\u00f3n Ferr\u00e9 Rangel<\/a><\/strong>&nbsp;(ECFR) de la&nbsp;<strong><a rel=\"noreferrer noopener\" href=\"http:\/\/www.sagrado.edu\/\" target=\"_blank\">Universidad del Sagrado Coraz\u00f3n<\/a><\/strong>&nbsp;un donativo como parte de una&nbsp;<strong><a rel=\"noreferrer noopener\" href=\"https:\/\/insagrado.sagrado.edu\/sagrado-en-alianza-con-telemundo-puerto-rico-por-el-periodismo1\/\" target=\"_blank\">nueva alianza&nbsp;<\/a><\/strong>con el prop\u00f3sito de apoyar en la educaci\u00f3n de comunicadores que aporten a los valores de diversidad, equidad e inclusi\u00f3n en la sociedad.<\/p>\n\n\n\n<p><meta charset=\"utf-8\">El Nuevo D\u00eda | <strong><a rel=\"noreferrer noopener\" href=\"https:\/\/sagr.co\/3KoXrDa\" target=\"_blank\">https:\/\/sagr.co\/3KoXrDa<\/a><\/strong><br>News is my Business | <strong><a rel=\"noreferrer noopener\" href=\"https:\/\/sagr.co\/3KrUXE4\" target=\"_blank\">https:\/\/sagr.co\/3KrUXE4<\/a><\/strong><\/p>\n","protected":false},"excerpt":{"rendered":"<p>A trav\u00e9s de su programa NBCU Academy,&nbsp;NBCU News Group&nbsp;otorg\u00f3 a la&nbsp;Escuela de Comunicaci\u00f3n Ferr\u00e9 Rangel&nbsp;(ECFR) de la&nbsp;Universidad del Sagrado Coraz\u00f3n&nbsp;un donativo como parte de una&nbsp;nueva alianza&nbsp;con el prop\u00f3sito de apoyar en la educaci\u00f3n de comunicadores [&hellip;]<\/p>\n","protected":false},"author":11,"featured_media":31803,"comment_status":"closed","ping_status":"closed","sticky":false,"template":"","format":"standard","meta":{"site-sidebar-layout":"default","site-content-layout":"","ast-site-content-layout":"default","site-content-style":"default","site-sidebar-style":"default","ast-global-header-display":"","ast-banner-title-visibility":"","ast-main-header-display":"","ast-hfb-above-header-display":"","ast-hfb-below-header-display":"","ast-hfb-mobile-header-display":"","site-post-title":"","ast-breadcrumbs-content":"","ast-featured-img":"","footer-sml-layout":"","ast-disable-related-posts":"","theme-transparent-header-meta":"","adv-header-id-meta":"","stick-header-meta":"","header-above-stick-meta":"","header-main-stick-meta":"","header-below-stick-meta":"","astra-migrate-meta-layouts":"default","ast-page-background-enabled":"default","ast-page-background-meta":{"desktop":{"background-color":"","background-image":"","background-repeat":"repeat","background-position":"center center","background-size":"auto","background-attachment":"scroll","background-type":"","background-media":"","overlay-type":"","overlay-color":"","overlay-opacity":"","overlay-gradient":""},"tablet":{"background-color":"","background-image":"","background-repeat":"repeat","background-position":"center center","background-size":"auto","background-attachment":"scroll","background-type":"","background-media":"","overlay-type":"","overlay-color":"","overlay-opacity":"","overlay-gradient":""},"mobile":{"background-color":"","background-image":"","background-repeat":"repeat","background-position":"center center","background-size":"auto","background-attachment":"scroll","background-type":"","background-media":"","overlay-type":"","overlay-color":"","overlay-opacity":"","overlay-gradient":""}},"ast-content-background-meta":{"desktop":{"background-color":"var(--ast-global-color-5)","background-image":"","background-repeat":"repeat","background-position":"center center","background-size":"auto","background-attachment":"scroll","background-type":"","background-media":"","overlay-type":"","overlay-color":"","overlay-opacity":"","overlay-gradient":""},"tablet":{"background-color":"var(--ast-global-color-5)","background-image":"","background-repeat":"repeat","background-position":"center center","background-size":"auto","background-attachment":"scroll","background-type":"","background-media":"","overlay-type":"","overlay-color":"","overlay-opacity":"","overlay-gradient":""},"mobile":{"background-color":"var(--ast-global-color-5)","background-image":"","background-repeat":"repeat","background-position":"center center","background-size":"auto","background-attachment":"scroll","background-type":"","background-media":"","overlay-type":"","overlay-color":"","overlay-opacity":"","overlay-gradient":""}},"iawp_total_views":4,"footnotes":""},"categories":[3677],"tags":[5123,5024,5131],"class_list":["post-34367","post","type-post","status-publish","format-standard","has-post-thumbnail","hentry","category-in-the-news","tag-escuela-de-comunicacion-ferre-rangel-3","tag-in-the-news","tag-telemundo-puerto-rico-2"],"_links":{"self":[{"href":"https:\/\/insagrado.sagrado.edu\/en\/wp-json\/wp\/v2\/posts\/34367","targetHints":{"allow":["GET"]}}],"collection":[{"href":"https:\/\/insagrado.sagrado.edu\/en\/wp-json\/wp\/v2\/posts"}],"about":[{"href":"https:\/\/insagrado.sagrado.edu\/en\/wp-json\/wp\/v2\/types\/post"}],"author":[{"embeddable":true,"href":"https:\/\/insagrado.sagrado.edu\/en\/wp-json\/wp\/v2\/users\/11"}],"replies":[{"embeddable":true,"href":"https:\/\/insagrado.sagrado.edu\/en\/wp-json\/wp\/v2\/comments?post=34367"}],"version-history":[{"count":3,"href":"https:\/\/insagrado.sagrado.edu\/en\/wp-json\/wp\/v2\/posts\/34367\/revisions"}],"predecessor-version":[{"id":34386,"href":"https:\/\/insagrado.sagrado.edu\/en\/wp-json\/wp\/v2\/posts\/34367\/revisions\/34386"}],"wp:featuredmedia":[{"embeddable":true,"href":"https:\/\/insagrado.sagrado.edu\/en\/wp-json\/wp\/v2\/media\/31803"}],"wp:attachment":[{"href":"https:\/\/insagrado.sagrado.edu\/en\/wp-json\/wp\/v2\/media?parent=34367"}],"wp:term":[{"taxonomy":"category","embeddable":true,"href":"https:\/\/insagrado.sagrado.edu\/en\/wp-json\/wp\/v2\/categories?post=34367"},{"taxonomy":"post_tag","embeddable":true,"href":"https:\/\/insagrado.sagrado.edu\/en\/wp-json\/wp\/v2\/tags?post=34367"}],"curies":[{"name":"wp","href":"https:\/\/api.w.org\/{rel}","templated":true}]}}