{"id":36494,"date":"2022-04-27T11:21:32","date_gmt":"2022-04-27T15:21:32","guid":{"rendered":"https:\/\/insagrado.sagrado.edu\/?p=36494"},"modified":"2022-04-27T11:21:33","modified_gmt":"2022-04-27T15:21:33","slug":"be-aware-a-program-against-gender-violence","status":"publish","type":"post","link":"https:\/\/insagrado.sagrado.edu\/en\/be-aware-a-program-against-gender-violence\/","title":{"rendered":"Be Aware: A Program Against Gender Violence"},"content":{"rendered":"\n<h4 class=\"wp-block-heading\"><em>The initiative is attached to Centro Sofia at Sagrado Coraz\u00f3n University.<\/em><\/h4>\n\n\n\n<div class=\"wp-block-image\"><figure class=\"aligncenter size-large\"><a href=\"https:\/\/insagrado.sagrado.edu\/wp-content\/uploads\/2022\/04\/Foto-para-Be-Aware.png\"><img loading=\"lazy\" decoding=\"async\" width=\"1024\" height=\"576\" src=\"https:\/\/insagrado.sagrado.edu\/wp-content\/uploads\/2022\/04\/Foto-para-Be-Aware-1024x576.png\" alt=\"\" class=\"wp-image-36210\" srcset=\"https:\/\/insagrado.sagrado.edu\/wp-content\/uploads\/2022\/04\/Foto-para-Be-Aware-1024x576.png 1024w, https:\/\/insagrado.sagrado.edu\/wp-content\/uploads\/2022\/04\/Foto-para-Be-Aware-300x169.png 300w, https:\/\/insagrado.sagrado.edu\/wp-content\/uploads\/2022\/04\/Foto-para-Be-Aware-768x432.png 768w, https:\/\/insagrado.sagrado.edu\/wp-content\/uploads\/2022\/04\/Foto-para-Be-Aware-1536x864.png 1536w, https:\/\/insagrado.sagrado.edu\/wp-content\/uploads\/2022\/04\/Foto-para-Be-Aware.png 1643w\" sizes=\"auto, (max-width: 1024px) 100vw, 1024px\" \/><\/a><\/figure><\/div>\n\n\n\n<p><strong>By Centro Sof\u00eda<\/strong><\/p>\n\n\n\n<p>The Be Aware: Share The Attitude (BASTA) program -attached to <strong><a href=\"https:\/\/centrosofia.sagrado.edu\/\" target=\"_blank\" rel=\"noreferrer noopener\">Centro Sof\u00eda<\/a><\/strong>\u2013 was recently launched at <strong><a href=\"http:\/\/www.sagrado.edu\" target=\"_blank\" rel=\"noreferrer noopener\">Sagrado Coraz\u00f3n University<\/a><\/strong>, to educate about and prevent domestic violence in marriage and other relationships, as well as sexual assault and stalking.<\/p>\n\n\n\n<p>Be Aware will create <strong>safe spaces<\/strong> of equity and inclusion for our university community through effective approaches and responses in the form of prevention and intervention on campus.<\/p>\n\n\n\n<p><strong>The launch event began with Gilberto Marxuach-Torr\u00f3s, president of Sagrado, greeting those in attendance and recognizing Sagrado\u2019s trajectory of raising awareness about gender violence.<\/strong><\/p>\n\n\n\n<p>Marxuach-Torr\u00f3s was joined by representatives of the <strong><a href=\"https:\/\/casajulia.org\/en\/\" target=\"_blank\" rel=\"noreferrer noopener\">Casa Protegida Julia de Burgos <\/a><\/strong>and <strong><a href=\"https:\/\/pazparalamujer.org\/\" target=\"_blank\" rel=\"noreferrer noopener\">Coordinadora Paz para la Mujer<\/a><\/strong>, two organizations with 30 years of experience in activism, education, prevention, and support for victims. <strong>Dr. Teresa Gracia Agenjo<\/strong>, professor at the School of Health and Sciences, and <strong>Dr. Nina Torres Vidal<\/strong>, professor emeritus, served as guest speakers. Both have developed multiple initiatives in order to foster inclusion and gender equity in Sagrado.<\/p>\n\n\n\n<blockquote class=\"wp-block-quote is-layout-flow wp-block-quote-is-layout-flow\"><p>\u201cEducation must be a liberating experience, based on respect and solidarity. We have to take a look at where this oppressive patriarchal system and the various manifestations of violence are produced, built, and justified,\u201d said Torres Vidal at the Sala Mater.<\/p><\/blockquote>\n\n\n\n<p>As for Gracia Agenjo, she made a call to reflect on the perpetuation of violence: <strong>\u201cWe must look for new ways to unlearn these unequal power relations. Be Aware is a strategic plan that, within long-term processes, is designed to achieve concrete changes. At Sagrado, there is zero tolerance for violence, and it has a tradition of addressing these issues to build a society that strengthens the values \u200b\u200bof its mission,\u201d <\/strong>she explained.<\/p>\n\n\n\n<p>The activity also included a musical interpretation of the song Por las que no est\u00e1n (For those who are no longer here), by Marileyda Hern\u00e1ndez, performed by student Miliangel\u00ed Ramos. <\/p>\n\n\n\n<p>The Be Aware office -led by attorney Yanira Liceaga, clinical social worker Fabiola Torres, and coordinator of psychological services Sandra Morales- is located in the first level of the Women\u2019s Residence Hall. Write to <strong><a href=\"mailto:beaware@sagrado.edu\">beaware@sagrado.edu<\/a><\/strong>, for more information.<\/p>\n","protected":false},"excerpt":{"rendered":"<p>The initiative is attached to Centro Sofia at Sagrado Coraz\u00f3n University. By Centro Sof\u00eda The Be Aware: Share The Attitude (BASTA) program -attached to Centro Sof\u00eda\u2013 was recently launched at Sagrado Coraz\u00f3n University, to educate [&hellip;]<\/p>\n","protected":false},"author":11,"featured_media":36210,"comment_status":"closed","ping_status":"closed","sticky":false,"template":"","format":"standard","meta":{"site-sidebar-layout":"default","site-content-layout":"","ast-site-content-layout":"default","site-content-style":"default","site-sidebar-style":"default","ast-global-header-display":"","ast-banner-title-visibility":"","ast-main-header-display":"","ast-hfb-above-header-display":"","ast-hfb-below-header-display":"","ast-hfb-mobile-header-display":"","site-post-title":"","ast-breadcrumbs-content":"","ast-featured-img":"","footer-sml-layout":"","ast-disable-related-posts":"","theme-transparent-header-meta":"","adv-header-id-meta":"","stick-header-meta":"","header-above-stick-meta":"","header-main-stick-meta":"","header-below-stick-meta":"","astra-migrate-meta-layouts":"default","ast-page-background-enabled":"default","ast-page-background-meta":{"desktop":{"background-color":"","background-image":"","background-repeat":"repeat","background-position":"center center","background-size":"auto","background-attachment":"scroll","background-type":"","background-media":"","overlay-type":"","overlay-color":"","overlay-opacity":"","overlay-gradient":""},"tablet":{"background-color":"","background-image":"","background-repeat":"repeat","background-position":"center center","background-size":"auto","background-attachment":"scroll","background-type":"","background-media":"","overlay-type":"","overlay-color":"","overlay-opacity":"","overlay-gradient":""},"mobile":{"background-color":"","background-image":"","background-repeat":"repeat","background-position":"center center","background-size":"auto","background-attachment":"scroll","background-type":"","background-media":"","overlay-type":"","overlay-color":"","overlay-opacity":"","overlay-gradient":""}},"ast-content-background-meta":{"desktop":{"background-color":"var(--ast-global-color-5)","background-image":"","background-repeat":"repeat","background-position":"center center","background-size":"auto","background-attachment":"scroll","background-type":"","background-media":"","overlay-type":"","overlay-color":"","overlay-opacity":"","overlay-gradient":""},"tablet":{"background-color":"var(--ast-global-color-5)","background-image":"","background-repeat":"repeat","background-position":"center center","background-size":"auto","background-attachment":"scroll","background-type":"","background-media":"","overlay-type":"","overlay-color":"","overlay-opacity":"","overlay-gradient":""},"mobile":{"background-color":"var(--ast-global-color-5)","background-image":"","background-repeat":"repeat","background-position":"center center","background-size":"auto","background-attachment":"scroll","background-type":"","background-media":"","overlay-type":"","overlay-color":"","overlay-opacity":"","overlay-gradient":""}},"iawp_total_views":3,"footnotes":""},"categories":[3670],"tags":[4423,5110],"class_list":["post-36494","post","type-post","status-publish","format-standard","has-post-thumbnail","hentry","category-campus-and-community","tag-centro-sofia-2","tag-universidad-del-sagrado-corazon-3"],"_links":{"self":[{"href":"https:\/\/insagrado.sagrado.edu\/en\/wp-json\/wp\/v2\/posts\/36494","targetHints":{"allow":["GET"]}}],"collection":[{"href":"https:\/\/insagrado.sagrado.edu\/en\/wp-json\/wp\/v2\/posts"}],"about":[{"href":"https:\/\/insagrado.sagrado.edu\/en\/wp-json\/wp\/v2\/types\/post"}],"author":[{"embeddable":true,"href":"https:\/\/insagrado.sagrado.edu\/en\/wp-json\/wp\/v2\/users\/11"}],"replies":[{"embeddable":true,"href":"https:\/\/insagrado.sagrado.edu\/en\/wp-json\/wp\/v2\/comments?post=36494"}],"version-history":[{"count":1,"href":"https:\/\/insagrado.sagrado.edu\/en\/wp-json\/wp\/v2\/posts\/36494\/revisions"}],"predecessor-version":[{"id":36495,"href":"https:\/\/insagrado.sagrado.edu\/en\/wp-json\/wp\/v2\/posts\/36494\/revisions\/36495"}],"wp:featuredmedia":[{"embeddable":true,"href":"https:\/\/insagrado.sagrado.edu\/en\/wp-json\/wp\/v2\/media\/36210"}],"wp:attachment":[{"href":"https:\/\/insagrado.sagrado.edu\/en\/wp-json\/wp\/v2\/media?parent=36494"}],"wp:term":[{"taxonomy":"category","embeddable":true,"href":"https:\/\/insagrado.sagrado.edu\/en\/wp-json\/wp\/v2\/categories?post=36494"},{"taxonomy":"post_tag","embeddable":true,"href":"https:\/\/insagrado.sagrado.edu\/en\/wp-json\/wp\/v2\/tags?post=36494"}],"curies":[{"name":"wp","href":"https:\/\/api.w.org\/{rel}","templated":true}]}}